{"id":4309,"date":"2019-07-19T10:32:38","date_gmt":"2019-07-19T14:32:38","guid":{"rendered":"http:\/\/artesvisuais.ufms.br\/?p=4309"},"modified":"2020-11-23T16:25:54","modified_gmt":"2020-11-23T20:25:54","slug":"feira-capivara-publicacoes-artisticas-sobre-papel","status":"publish","type":"post","link":"https:\/\/artesvisuais-faalc.ufms.br\/en\/feira-capivara-publicacoes-artisticas-sobre-papel\/","title":{"rendered":"Feira Capivara"},"content":{"rendered":"<p><strong>Publica\u00e7\u00f5es Art\u00edsticas\u00a0sobre Papel\u00a0<\/strong><\/p>\n<p><strong>Local: Bloco 8 \u2013<\/strong><strong>Cidade Universit\u00e1ria UFMS<\/strong><\/p>\n<p><strong><br \/>\n<\/strong><strong>Pr\u00f3ximo do Port\u00e3o 03 e do Moren\u00e3o<br \/>\nCampo Grande &#8211; MS &#8211; Brasil<br \/>\n@feiracapivara<\/strong><\/p>\n<p>&nbsp;<\/p>\n<p><strong>Dura\u00e7\u00e3o: do dia 22 ao dia 27 de julho de 2019<br \/>\ndurante o per\u00edodo da SBPC na UFMS<\/strong><\/p>\n<p><strong>Hor\u00e1rio: das 8h \u00e0s 18h<\/strong><\/p>\n<p><strong>Organiza\u00e7\u00e3o:<br \/>\nGrupo de Pesquisa Pensar o Desenho \u2013 UFMS \u2013 Profa. Constan\u00e7a Lucas<br \/>\nemail: constanca.lucas@ufms.br<br \/>\nGrupo de Pesquisa A\u00e7\u00e3o em Rede \u2013 UFMS \u2013 Prof. S\u00e9rgio Bonilha<\/strong><\/p>\n<p><img fetchpriority=\"high\" decoding=\"async\" class=\"wp-image-4318 aligncenter\" src=\"http:\/\/artesvisuais.ufms.br\/files\/2019\/07\/logo-feira-1024x958.jpg\" alt=\"\" width=\"261\" height=\"244\" \/><\/p>\n<p><strong>Feira Capivara de Publica\u00e7\u00f5es Art\u00edsticas\u00a0sobre Papel<\/strong><\/p>\n<p>Exposi\u00e7\u00e3o de produ\u00e7\u00f5es art\u00edsticas em papel, desenhos, fanzines, prints, adesivos, cadernos, e marcadores de livros, de acad\u00eamicos dos cursos de artes visuais Licenciatura e Bacharelado da UFMS.<\/p>\n<p>Este evento tem como foco principal o Cerrado, bioma fundamental para a vida, ao residirmos num espa\u00e7o ambiental de tal dimens\u00e3o \u00e9 for\u00e7osamente necess\u00e1rio nos tornarmos c\u00famplices dos processos ligados \u00e0 sua preserva\u00e7\u00e3o. N\u00f3s grupo Pensar o Desenho elegemos a arte e em especial o desenho como linguagem priorit\u00e1ria para nos comunicarmos com o mundo, trocar ideias, fazer coment\u00e1rios, contribuir para desenvolver novas percep\u00e7\u00f5es visuais, propor reflex\u00f5es, partilhar sensibilidades, tomar consci\u00eancia de que o micro \u00e9 que faz o macro.<\/p>\n<p>As publica\u00e7\u00f5es art\u00edsticas s\u00e3o uma forma de democratiza\u00e7\u00e3o das artes visuais, um dos maiores interesses da realiza\u00e7\u00e3o da Feira Capivara Publica\u00e7\u00f5es Art\u00edsticas \u00e9 tornar acess\u00edvel a todos as po\u00e9ticas visuais. Aqui em Campo Grande faz-se necess\u00e1rio a exist\u00eancia de a\u00e7\u00f5es desta natureza, pela proximidade e capacidade transformadora.<\/p>\n<p>A realiza\u00e7\u00e3o da Feira Capivara de Publica\u00e7\u00f5es Art\u00edsticas sobre Papel visa estimular a criatividade e a autonomia dos discentes dentro do universo do desenho e das publica\u00e7\u00f5es art\u00edsticas. Assim como a partilha das po\u00e9ticas visuais com a popula\u00e7\u00e3o em geral.<a href=\"http:\/\/artesvisuais.ufms.br\/files\/2019\/07\/Feira-Capivara-UFMS-desenho-de-Accacio-Mota.jpg\"><img decoding=\"async\" class=\"alignnone size-full wp-image-4310\" src=\"http:\/\/artesvisuais.ufms.br\/files\/2019\/07\/Feira-Capivara-UFMS-desenho-de-Accacio-Mota.jpg\" alt=\"\" width=\"494\" height=\"588\" srcset=\"https:\/\/artesvisuais-faalc.ufms.br\/files\/2019\/07\/Feira-Capivara-UFMS-desenho-de-Accacio-Mota.jpg 494w, https:\/\/artesvisuais-faalc.ufms.br\/files\/2019\/07\/Feira-Capivara-UFMS-desenho-de-Accacio-Mota-252x300.jpg 252w\" sizes=\"(max-width: 494px) 100vw, 494px\" \/><\/a> <a href=\"http:\/\/artesvisuais.ufms.br\/files\/2019\/07\/Feira-Capivara-UFMS-desenho-de-Bianca-Esquivel.jpg\"><img decoding=\"async\" class=\"alignnone size-large wp-image-4311\" src=\"http:\/\/artesvisuais.ufms.br\/files\/2019\/07\/Feira-Capivara-UFMS-desenho-de-Bianca-Esquivel.jpg\" alt=\"\" width=\"598\" height=\"600\" srcset=\"https:\/\/artesvisuais-faalc.ufms.br\/files\/2019\/07\/Feira-Capivara-UFMS-desenho-de-Bianca-Esquivel.jpg 598w, https:\/\/artesvisuais-faalc.ufms.br\/files\/2019\/07\/Feira-Capivara-UFMS-desenho-de-Bianca-Esquivel-150x150.jpg 150w, https:\/\/artesvisuais-faalc.ufms.br\/files\/2019\/07\/Feira-Capivara-UFMS-desenho-de-Bianca-Esquivel-300x300.jpg 300w\" sizes=\"(max-width: 598px) 100vw, 598px\" \/><\/a> <a href=\"http:\/\/artesvisuais.ufms.br\/files\/2019\/07\/Feira-Capivara-UFMS-desenho-de-Gabriel-Brito.jpg\"><img loading=\"lazy\" decoding=\"async\" class=\"alignnone size-large wp-image-4312\" src=\"http:\/\/artesvisuais.ufms.br\/files\/2019\/07\/Feira-Capivara-UFMS-desenho-de-Gabriel-Brito.jpg\" alt=\"\" width=\"528\" height=\"604\" srcset=\"https:\/\/artesvisuais-faalc.ufms.br\/files\/2019\/07\/Feira-Capivara-UFMS-desenho-de-Gabriel-Brito.jpg 528w, https:\/\/artesvisuais-faalc.ufms.br\/files\/2019\/07\/Feira-Capivara-UFMS-desenho-de-Gabriel-Brito-262x300.jpg 262w\" sizes=\"(max-width: 528px) 100vw, 528px\" \/><\/a> <a href=\"http:\/\/artesvisuais.ufms.br\/files\/2019\/07\/Feira-Capivara-UFMS-desenho-de-Gabriel-Martins.jpg\"><img loading=\"lazy\" decoding=\"async\" class=\"alignnone size-large wp-image-4313\" src=\"http:\/\/artesvisuais.ufms.br\/files\/2019\/07\/Feira-Capivara-UFMS-desenho-de-Gabriel-Martins.jpg\" alt=\"\" width=\"550\" height=\"338\" srcset=\"https:\/\/artesvisuais-faalc.ufms.br\/files\/2019\/07\/Feira-Capivara-UFMS-desenho-de-Gabriel-Martins.jpg 550w, https:\/\/artesvisuais-faalc.ufms.br\/files\/2019\/07\/Feira-Capivara-UFMS-desenho-de-Gabriel-Martins-300x184.jpg 300w, https:\/\/artesvisuais-faalc.ufms.br\/files\/2019\/07\/Feira-Capivara-UFMS-desenho-de-Gabriel-Martins-80x50.jpg 80w\" sizes=\"(max-width: 550px) 100vw, 550px\" \/><\/a> <a href=\"http:\/\/artesvisuais.ufms.br\/files\/2019\/07\/Feira-Capivara-UFMS-desenho-de-Natalia-Hirata.jpg\"><img loading=\"lazy\" decoding=\"async\" class=\"alignnone size-large wp-image-4314\" src=\"http:\/\/artesvisuais.ufms.br\/files\/2019\/07\/Feira-Capivara-UFMS-desenho-de-Natalia-Hirata.jpg\" alt=\"\" width=\"582\" height=\"581\" srcset=\"https:\/\/artesvisuais-faalc.ufms.br\/files\/2019\/07\/Feira-Capivara-UFMS-desenho-de-Natalia-Hirata.jpg 582w, https:\/\/artesvisuais-faalc.ufms.br\/files\/2019\/07\/Feira-Capivara-UFMS-desenho-de-Natalia-Hirata-150x150.jpg 150w, https:\/\/artesvisuais-faalc.ufms.br\/files\/2019\/07\/Feira-Capivara-UFMS-desenho-de-Natalia-Hirata-300x300.jpg 300w\" sizes=\"(max-width: 582px) 100vw, 582px\" \/><\/a> <a href=\"http:\/\/artesvisuais.ufms.br\/files\/2019\/07\/Feira-Capivara-UFMS-desenho-de-Selma-Tereza.jpg\"><img loading=\"lazy\" decoding=\"async\" class=\"alignnone size-large wp-image-4315\" src=\"http:\/\/artesvisuais.ufms.br\/files\/2019\/07\/Feira-Capivara-UFMS-desenho-de-Selma-Tereza.jpg\" alt=\"\" width=\"601\" height=\"418\" srcset=\"https:\/\/artesvisuais-faalc.ufms.br\/files\/2019\/07\/Feira-Capivara-UFMS-desenho-de-Selma-Tereza.jpg 601w, https:\/\/artesvisuais-faalc.ufms.br\/files\/2019\/07\/Feira-Capivara-UFMS-desenho-de-Selma-Tereza-300x209.jpg 300w\" sizes=\"(max-width: 601px) 100vw, 601px\" \/><\/a> <a href=\"http:\/\/artesvisuais.ufms.br\/files\/2019\/07\/Feira-Capivara-UFMS-desenho-de-Vanessa-Ueda.jpg\"><img loading=\"lazy\" decoding=\"async\" class=\"alignnone size-large wp-image-4316\" src=\"http:\/\/artesvisuais.ufms.br\/files\/2019\/07\/Feira-Capivara-UFMS-desenho-de-Vanessa-Ueda.jpg\" alt=\"\" width=\"598\" height=\"483\" srcset=\"https:\/\/artesvisuais-faalc.ufms.br\/files\/2019\/07\/Feira-Capivara-UFMS-desenho-de-Vanessa-Ueda.jpg 598w, https:\/\/artesvisuais-faalc.ufms.br\/files\/2019\/07\/Feira-Capivara-UFMS-desenho-de-Vanessa-Ueda-300x242.jpg 300w\" sizes=\"(max-width: 598px) 100vw, 598px\" \/><\/a> <a href=\"http:\/\/artesvisuais.ufms.br\/files\/2019\/07\/Feira-Capivara-UFMS-desenhos-de-Selma-Tereza.jpg\"><img loading=\"lazy\" decoding=\"async\" class=\"alignnone size-large wp-image-4317\" src=\"http:\/\/artesvisuais.ufms.br\/files\/2019\/07\/Feira-Capivara-UFMS-desenhos-de-Selma-Tereza.jpg\" alt=\"\" width=\"573\" height=\"505\" srcset=\"https:\/\/artesvisuais-faalc.ufms.br\/files\/2019\/07\/Feira-Capivara-UFMS-desenhos-de-Selma-Tereza.jpg 573w, https:\/\/artesvisuais-faalc.ufms.br\/files\/2019\/07\/Feira-Capivara-UFMS-desenhos-de-Selma-Tereza-300x264.jpg 300w\" sizes=\"(max-width: 573px) 100vw, 573px\" \/><\/a><\/p>\n<p>&nbsp;<\/p>\n<p>&nbsp;<\/p>\n","protected":false},"excerpt":{"rendered":"<p>Publica\u00e7\u00f5es Art\u00edsticas\u00a0sobre Papel\u00a0 Local: Bloco 8 \u2013Cidade Universit\u00e1ria UFMS Pr\u00f3ximo do Port\u00e3o 03 e do Moren\u00e3o Campo Grande &#8211; MS &#8211; Brasil @feiracapivara &nbsp; Dura\u00e7\u00e3o: do dia 22 ao dia 27 de julho de 2019 durante o per\u00edodo da SBPC na UFMS Hor\u00e1rio: das 8h \u00e0s 18h Organiza\u00e7\u00e3o: Grupo de Pesquisa Pensar o Desenho \u2013 [&hellip;]<\/p>\n","protected":false},"author":65,"featured_media":0,"comment_status":"closed","ping_status":"open","sticky":false,"template":"","format":"standard","meta":{"footnotes":""},"categories":[4],"tags":[],"coauthors":[],"class_list":["post-4309","post","type-post","status-publish","format-standard","hentry","category-destaques"],"_links":{"self":[{"href":"https:\/\/artesvisuais-faalc.ufms.br\/en\/wp-json\/wp\/v2\/posts\/4309","targetHints":{"allow":["GET"]}}],"collection":[{"href":"https:\/\/artesvisuais-faalc.ufms.br\/en\/wp-json\/wp\/v2\/posts"}],"about":[{"href":"https:\/\/artesvisuais-faalc.ufms.br\/en\/wp-json\/wp\/v2\/types\/post"}],"author":[{"embeddable":true,"href":"https:\/\/artesvisuais-faalc.ufms.br\/en\/wp-json\/wp\/v2\/users\/65"}],"replies":[{"embeddable":true,"href":"https:\/\/artesvisuais-faalc.ufms.br\/en\/wp-json\/wp\/v2\/comments?post=4309"}],"version-history":[{"count":17,"href":"https:\/\/artesvisuais-faalc.ufms.br\/en\/wp-json\/wp\/v2\/posts\/4309\/revisions"}],"predecessor-version":[{"id":4337,"href":"https:\/\/artesvisuais-faalc.ufms.br\/en\/wp-json\/wp\/v2\/posts\/4309\/revisions\/4337"}],"wp:attachment":[{"href":"https:\/\/artesvisuais-faalc.ufms.br\/en\/wp-json\/wp\/v2\/media?parent=4309"}],"wp:term":[{"taxonomy":"category","embeddable":true,"href":"https:\/\/artesvisuais-faalc.ufms.br\/en\/wp-json\/wp\/v2\/categories?post=4309"},{"taxonomy":"post_tag","embeddable":true,"href":"https:\/\/artesvisuais-faalc.ufms.br\/en\/wp-json\/wp\/v2\/tags?post=4309"},{"taxonomy":"author","embeddable":true,"href":"https:\/\/artesvisuais-faalc.ufms.br\/en\/wp-json\/wp\/v2\/coauthors?post=4309"}],"curies":[{"name":"wp","href":"https:\/\/api.w.org\/{rel}","templated":true}]}}