{"id":3308,"date":"2017-05-24T08:37:23","date_gmt":"2017-05-24T12:37:23","guid":{"rendered":"http:\/\/artesvisuais.draconis.ufms.br\/?p=3308"},"modified":"2017-05-24T08:38:09","modified_gmt":"2017-05-24T12:38:09","slug":"palestra-educacao-finlandesa","status":"publish","type":"post","link":"https:\/\/artesvisuais-faalc.ufms.br\/en\/palestra-educacao-finlandesa\/","title":{"rendered":"Palestra Educa\u00e7\u00e3o Finlandesa"},"content":{"rendered":"<p><a href=\"http:\/\/artesvisuais.draconis.ufms.br\/files\/2017\/05\/18623377_1370512319685118_5616313015134646249_o.jpg\"><img fetchpriority=\"high\" decoding=\"async\" class=\"alignnone size-medium wp-image-3309\" src=\"http:\/\/artesvisuais.draconis.ufms.br\/files\/2017\/05\/18623377_1370512319685118_5616313015134646249_o-300x240.jpg\" alt=\"\" width=\"300\" height=\"240\" srcset=\"https:\/\/artesvisuais-faalc.ufms.br\/files\/2017\/05\/18623377_1370512319685118_5616313015134646249_o-300x240.jpg 300w, https:\/\/artesvisuais-faalc.ufms.br\/files\/2017\/05\/18623377_1370512319685118_5616313015134646249_o-768x614.jpg 768w, https:\/\/artesvisuais-faalc.ufms.br\/files\/2017\/05\/18623377_1370512319685118_5616313015134646249_o.jpg 1000w\" sizes=\"(max-width: 300px) 100vw, 300px\" \/><\/a><\/p>\n<p>Acontecer\u00e1 uma palestra sobre a educa\u00e7\u00e3o finlandesa. Ser\u00e1 bem interessante! Quem puder apare\u00e7a!<br \/>\nSer\u00e1 um momento de reflex\u00e3o: Ser\u00e1 que a educa\u00e7\u00e3o brasileira funciona? O que podemos fazer para tentar melhorar a nossa educa\u00e7\u00e3o no pa\u00eds?<br \/>\nEsse evento acontecer\u00e1 dentro da disciplina &#8220;Multim\u00eddia na Educa\u00e7\u00e3o&#8221;, mas est\u00e3o todos convidados.<br \/>\nOs alunos combinaram de fazer um lanche coletivo depois da palestra, portanto, quem for participar, por gentileza: leve a sua <span class=\"text_exposed_show\">colabora\u00e7\u00e3o.<br \/>\nAbra\u00e7osss!!! At\u00e9 amanh\u00e3!!!<\/span><\/p>\n<div class=\"text_exposed_show\">\n<p>Local: Lab. de Tecnologia do curso de Artes Visuais;<br \/>\nData: 25\/05<br \/>\nHora: 8h.<\/p>\n<\/div>\n","protected":false},"excerpt":{"rendered":"<p>Acontecer\u00e1 uma palestra sobre a educa\u00e7\u00e3o finlandesa. Ser\u00e1 bem interessante! Quem puder apare\u00e7a! Ser\u00e1 um momento de reflex\u00e3o: Ser\u00e1 que a educa\u00e7\u00e3o brasileira funciona? O que podemos fazer para tentar melhorar a nossa educa\u00e7\u00e3o no pa\u00eds? Esse evento acontecer\u00e1 dentro da disciplina &#8220;Multim\u00eddia na Educa\u00e7\u00e3o&#8221;, mas est\u00e3o todos convidados. Os alunos combinaram de fazer um [&hellip;]<\/p>\n","protected":false},"author":65,"featured_media":3309,"comment_status":"closed","ping_status":"open","sticky":false,"template":"","format":"standard","meta":{"footnotes":""},"categories":[3],"tags":[],"coauthors":[],"class_list":["post-3308","post","type-post","status-publish","format-standard","has-post-thumbnail","hentry","category-fotos-imagens"],"_links":{"self":[{"href":"https:\/\/artesvisuais-faalc.ufms.br\/en\/wp-json\/wp\/v2\/posts\/3308","targetHints":{"allow":["GET"]}}],"collection":[{"href":"https:\/\/artesvisuais-faalc.ufms.br\/en\/wp-json\/wp\/v2\/posts"}],"about":[{"href":"https:\/\/artesvisuais-faalc.ufms.br\/en\/wp-json\/wp\/v2\/types\/post"}],"author":[{"embeddable":true,"href":"https:\/\/artesvisuais-faalc.ufms.br\/en\/wp-json\/wp\/v2\/users\/65"}],"replies":[{"embeddable":true,"href":"https:\/\/artesvisuais-faalc.ufms.br\/en\/wp-json\/wp\/v2\/comments?post=3308"}],"version-history":[{"count":2,"href":"https:\/\/artesvisuais-faalc.ufms.br\/en\/wp-json\/wp\/v2\/posts\/3308\/revisions"}],"predecessor-version":[{"id":3311,"href":"https:\/\/artesvisuais-faalc.ufms.br\/en\/wp-json\/wp\/v2\/posts\/3308\/revisions\/3311"}],"wp:featuredmedia":[{"embeddable":true,"href":"https:\/\/artesvisuais-faalc.ufms.br\/en\/wp-json\/wp\/v2\/media\/3309"}],"wp:attachment":[{"href":"https:\/\/artesvisuais-faalc.ufms.br\/en\/wp-json\/wp\/v2\/media?parent=3308"}],"wp:term":[{"taxonomy":"category","embeddable":true,"href":"https:\/\/artesvisuais-faalc.ufms.br\/en\/wp-json\/wp\/v2\/categories?post=3308"},{"taxonomy":"post_tag","embeddable":true,"href":"https:\/\/artesvisuais-faalc.ufms.br\/en\/wp-json\/wp\/v2\/tags?post=3308"},{"taxonomy":"author","embeddable":true,"href":"https:\/\/artesvisuais-faalc.ufms.br\/en\/wp-json\/wp\/v2\/coauthors?post=3308"}],"curies":[{"name":"wp","href":"https:\/\/api.w.org\/{rel}","templated":true}]}}