{"id":3058,"date":"2016-11-16T15:08:48","date_gmt":"2016-11-16T19:08:48","guid":{"rendered":"http:\/\/artesvisuais.draconis.ufms.br\/?p=3058"},"modified":"2016-11-16T15:12:01","modified_gmt":"2016-11-16T19:12:01","slug":"professor-dos-cursos-de-artes-visuais-divulga-livro-no-13o-festival-america-do-sul-pantanal","status":"publish","type":"post","link":"https:\/\/artesvisuais-faalc.ufms.br\/en\/professor-dos-cursos-de-artes-visuais-divulga-livro-no-13o-festival-america-do-sul-pantanal\/","title":{"rendered":"Livro de Artes Visuais"},"content":{"rendered":"<p><strong>PROFESSOR DOS CURSOS DE ARTES VISUAIS DIVULGA LIVRO NO 13\u00ba FESTIVAL AM\u00c9RICA DO SUL PANTANAL.<\/strong><\/p>\n<p>No dia 13 de novembro, o professor Paulo C\u00e9sar Antonini de Souza, coordenador do curso de Artes Visuais \u2013 Licenciatura, da UFMS, atendendo a convite da Secretaria de Cultura, Turismo, Empreendimento e Inova\u00e7\u00e3o, compareceu ao 13\u00ba Festival Am\u00e9rica do Sul Pantanal para a divulga\u00e7\u00e3o de lan\u00e7amento do primeiro livro conjunto de docentes dos cursos de Artes Visuais \u2013 Licenciatura e Bacharelado da UFMS, sendo inserido tamb\u00e9m na programa\u00e7\u00e3o do 2\u00ba Encontro Regional de Arte Educadores de Mato Grosso do Sul.<\/p>\n<p>Com patroc\u00ednio da FUNDECT, mediante edital, o livro \u201cO olhar em forma\u00e7\u00e3o: processos de cria\u00e7\u00e3o e princ\u00edpios epistemol\u00f3gicos das Artes Visuais\u201d \u00e9 composto por nove artigos abordando reflex\u00f5es oriundas de pesquisa acerca de Po\u00e9ticas Visuais, Arte e seu Ensino e Reflex\u00f5es sobre a Arte e ter\u00e1 seus exemplares distribu\u00eddos gratuitamente para institui\u00e7\u00f5es de ensino superior e de fomento \u00e0 forma\u00e7\u00e3o de educadores e artistas de todo o Brasil.<\/p>\n<p>Os textos reunidos nesta publica\u00e7\u00e3o convidam para um olhar compartilhado, juntamente com suas autoras e autores, de reflex\u00f5es com\/para\/sobre arte, considerando neste movimento, a experi\u00eancia articulada nas Po\u00e9ticas Visuais, no Ensino de Arte e na Teoria da Arte, em uma aproxima\u00e7\u00e3o necess\u00e1ria entre seus princ\u00edpios epistemol\u00f3gicos e os processos de cria\u00e7\u00e3o.<\/p>\n<p><a href=\"http:\/\/artesvisuais.draconis.ufms.br\/professor-dos-cursos-de-artes-visuais-divulga-livro-no-13o-festival-america-do-sul-pantanal\/livro-capa\/\" rel=\"attachment wp-att-3059\"><img fetchpriority=\"high\" decoding=\"async\" class=\"alignnone size-large wp-image-3059\" src=\"http:\/\/artesvisuais.draconis.ufms.br\/files\/2016\/11\/livro-capa-1024x740.jpg\" alt=\"livro-capa\" width=\"670\" height=\"484\" srcset=\"https:\/\/artesvisuais-faalc.ufms.br\/files\/2016\/11\/livro-capa-1024x740.jpg 1024w, https:\/\/artesvisuais-faalc.ufms.br\/files\/2016\/11\/livro-capa-300x217.jpg 300w, https:\/\/artesvisuais-faalc.ufms.br\/files\/2016\/11\/livro-capa-768x555.jpg 768w, https:\/\/artesvisuais-faalc.ufms.br\/files\/2016\/11\/livro-capa-222x160.jpg 222w\" sizes=\"(max-width: 670px) 100vw, 670px\" \/><\/a><\/p>\n","protected":false},"excerpt":{"rendered":"<p>PROFESSOR DOS CURSOS DE ARTES VISUAIS DIVULGA LIVRO NO 13\u00ba FESTIVAL AM\u00c9RICA DO SUL PANTANAL. No dia 13 de novembro, o professor Paulo C\u00e9sar Antonini de Souza, coordenador do curso de Artes Visuais \u2013 Licenciatura, da UFMS, atendendo a convite da Secretaria de Cultura, Turismo, Empreendimento e Inova\u00e7\u00e3o, compareceu ao 13\u00ba Festival Am\u00e9rica do Sul [&hellip;]<\/p>\n","protected":false},"author":65,"featured_media":3059,"comment_status":"closed","ping_status":"open","sticky":false,"template":"","format":"standard","meta":{"footnotes":""},"categories":[4,3],"tags":[],"coauthors":[],"class_list":["post-3058","post","type-post","status-publish","format-standard","has-post-thumbnail","hentry","category-destaques","category-fotos-imagens"],"_links":{"self":[{"href":"https:\/\/artesvisuais-faalc.ufms.br\/en\/wp-json\/wp\/v2\/posts\/3058","targetHints":{"allow":["GET"]}}],"collection":[{"href":"https:\/\/artesvisuais-faalc.ufms.br\/en\/wp-json\/wp\/v2\/posts"}],"about":[{"href":"https:\/\/artesvisuais-faalc.ufms.br\/en\/wp-json\/wp\/v2\/types\/post"}],"author":[{"embeddable":true,"href":"https:\/\/artesvisuais-faalc.ufms.br\/en\/wp-json\/wp\/v2\/users\/65"}],"replies":[{"embeddable":true,"href":"https:\/\/artesvisuais-faalc.ufms.br\/en\/wp-json\/wp\/v2\/comments?post=3058"}],"version-history":[{"count":4,"href":"https:\/\/artesvisuais-faalc.ufms.br\/en\/wp-json\/wp\/v2\/posts\/3058\/revisions"}],"predecessor-version":[{"id":3063,"href":"https:\/\/artesvisuais-faalc.ufms.br\/en\/wp-json\/wp\/v2\/posts\/3058\/revisions\/3063"}],"wp:featuredmedia":[{"embeddable":true,"href":"https:\/\/artesvisuais-faalc.ufms.br\/en\/wp-json\/wp\/v2\/media\/3059"}],"wp:attachment":[{"href":"https:\/\/artesvisuais-faalc.ufms.br\/en\/wp-json\/wp\/v2\/media?parent=3058"}],"wp:term":[{"taxonomy":"category","embeddable":true,"href":"https:\/\/artesvisuais-faalc.ufms.br\/en\/wp-json\/wp\/v2\/categories?post=3058"},{"taxonomy":"post_tag","embeddable":true,"href":"https:\/\/artesvisuais-faalc.ufms.br\/en\/wp-json\/wp\/v2\/tags?post=3058"},{"taxonomy":"author","embeddable":true,"href":"https:\/\/artesvisuais-faalc.ufms.br\/en\/wp-json\/wp\/v2\/coauthors?post=3058"}],"curies":[{"name":"wp","href":"https:\/\/api.w.org\/{rel}","templated":true}]}}