{"id":2956,"date":"2016-06-16T14:37:01","date_gmt":"2016-06-16T18:37:01","guid":{"rendered":"http:\/\/artesvisuais.draconis.ufms.br\/?p=2956"},"modified":"2016-06-16T14:37:01","modified_gmt":"2016-06-16T18:37:01","slug":"nucleo-de-investigacao-de-fenomenologia-em-artes-ninfaufms","status":"publish","type":"post","link":"https:\/\/artesvisuais-faalc.ufms.br\/en\/nucleo-de-investigacao-de-fenomenologia-em-artes-ninfaufms\/","title":{"rendered":"N\u00facleo de INvestiga\u00e7\u00e3o de Fenomenologia em Artes &#8211; NINFA\/UFMS"},"content":{"rendered":"<p>Nesta sexta-feira, o N\u00facleo de INvestiga\u00e7\u00e3o de Fenomenologia em Artes &#8211; NINFA\/UFMS, realizar\u00e1 um di\u00e1logo em torno do texto: &#8220;Uma est\u00e9tica da exist\u00eancia&#8221;, de Andr\u00e9 Dartigues (p.83-101), contemplando os seguintes t\u00f3picos:<br \/>\nDa consci\u00eancia-exist\u00eancia \u00e0 consci\u00eancia-liberdade \/ Uma consci\u00eancia sem sujeito \/ O primado do pr\u00e9-reflexivo sobre a reflex\u00e3o \/ Exist\u00eancia e liberdade \/ Fenomenologia existencial e psicologia \/ A emo\u00e7\u00e3o como significa\u00e7\u00e3o \/ A imagina\u00e7\u00e3o reveladora de uma consci<span class=\"text_exposed_show\">\u00eancia livre \/ A psican\u00e1lise existencial e o caso Flaubert \/ Fenomenologia e filosofia da a\u00e7\u00e3o \/ Uma filosofia da revolu\u00e7\u00e3o \/ O secreto rev\u00e9s do \u00eaxito.<br \/>\nO contato com esse material auxiliar\u00e1 a compreens\u00e3o e abordagem que Merleau-Ponty realiza no cap\u00edtulo da Fenomenologia da Percep\u00e7\u00e3o, sobre o qual dialogaremos nas pr\u00f3ximas semanas.<\/span><\/p>\n<div class=\"text_exposed_show\">\n<p>O material de estudo pode ser encontrado na fotocopiadora do corredor central.<\/p>\n<\/div>\n","protected":false},"excerpt":{"rendered":"<p>Nesta sexta-feira, o N\u00facleo de INvestiga\u00e7\u00e3o de Fenomenologia em Artes &#8211; NINFA\/UFMS, realizar\u00e1 um di\u00e1logo em torno do texto: &#8220;Uma est\u00e9tica da exist\u00eancia&#8221;, de Andr\u00e9 Dartigues (p.83-101), contemplando os seguintes t\u00f3picos: Da consci\u00eancia-exist\u00eancia \u00e0 consci\u00eancia-liberdade \/ Uma consci\u00eancia sem sujeito \/ O primado do pr\u00e9-reflexivo sobre a reflex\u00e3o \/ Exist\u00eancia e liberdade \/ Fenomenologia existencial [&hellip;]<\/p>\n","protected":false},"author":65,"featured_media":0,"comment_status":"closed","ping_status":"open","sticky":false,"template":"","format":"standard","meta":{"footnotes":""},"categories":[4],"tags":[],"coauthors":[],"class_list":["post-2956","post","type-post","status-publish","format-standard","hentry","category-destaques"],"_links":{"self":[{"href":"https:\/\/artesvisuais-faalc.ufms.br\/en\/wp-json\/wp\/v2\/posts\/2956","targetHints":{"allow":["GET"]}}],"collection":[{"href":"https:\/\/artesvisuais-faalc.ufms.br\/en\/wp-json\/wp\/v2\/posts"}],"about":[{"href":"https:\/\/artesvisuais-faalc.ufms.br\/en\/wp-json\/wp\/v2\/types\/post"}],"author":[{"embeddable":true,"href":"https:\/\/artesvisuais-faalc.ufms.br\/en\/wp-json\/wp\/v2\/users\/65"}],"replies":[{"embeddable":true,"href":"https:\/\/artesvisuais-faalc.ufms.br\/en\/wp-json\/wp\/v2\/comments?post=2956"}],"version-history":[{"count":1,"href":"https:\/\/artesvisuais-faalc.ufms.br\/en\/wp-json\/wp\/v2\/posts\/2956\/revisions"}],"predecessor-version":[{"id":2957,"href":"https:\/\/artesvisuais-faalc.ufms.br\/en\/wp-json\/wp\/v2\/posts\/2956\/revisions\/2957"}],"wp:attachment":[{"href":"https:\/\/artesvisuais-faalc.ufms.br\/en\/wp-json\/wp\/v2\/media?parent=2956"}],"wp:term":[{"taxonomy":"category","embeddable":true,"href":"https:\/\/artesvisuais-faalc.ufms.br\/en\/wp-json\/wp\/v2\/categories?post=2956"},{"taxonomy":"post_tag","embeddable":true,"href":"https:\/\/artesvisuais-faalc.ufms.br\/en\/wp-json\/wp\/v2\/tags?post=2956"},{"taxonomy":"author","embeddable":true,"href":"https:\/\/artesvisuais-faalc.ufms.br\/en\/wp-json\/wp\/v2\/coauthors?post=2956"}],"curies":[{"name":"wp","href":"https:\/\/api.w.org\/{rel}","templated":true}]}}