{"id":2671,"date":"2015-06-02T16:46:59","date_gmt":"2015-06-02T20:46:59","guid":{"rendered":"http:\/\/artesvisuais.draconis.ufms.br\/?p=2671"},"modified":"2015-07-03T14:03:05","modified_gmt":"2015-07-03T18:03:05","slug":"alunos-de-artes-visuais-participaram-da-expedicao-da-cidadania-no-rio-paraguai","status":"publish","type":"post","link":"https:\/\/artesvisuais-faalc.ufms.br\/en\/alunos-de-artes-visuais-participaram-da-expedicao-da-cidadania-no-rio-paraguai\/","title":{"rendered":"Alunos de Artes Visuais participaram da Expedi\u00e7\u00e3o da Cidadania no Rio Paraguai."},"content":{"rendered":"<p>Cerca de 60 volunt\u00e1rios de diversas institui\u00e7\u00f5es governamentais passaram dias num navio da Marinha atendendo \u00e0 comunidade ribeirinha do Rio Paraguai.<\/p>\n<p><img fetchpriority=\"high\" decoding=\"async\" class=\"alignnone size-large wp-image-2678\" src=\"http:\/\/artesvisuais.draconis.ufms.br\/files\/2015\/06\/IMG_8192-1024x683.jpg\" alt=\"IMG_8192\" width=\"670\" height=\"447\" srcset=\"https:\/\/artesvisuais-faalc.ufms.br\/files\/2015\/06\/IMG_8192-1024x683.jpg 1024w, https:\/\/artesvisuais-faalc.ufms.br\/files\/2015\/06\/IMG_8192-300x200.jpg 300w, https:\/\/artesvisuais-faalc.ufms.br\/files\/2015\/06\/IMG_8192.jpg 1500w\" sizes=\"(max-width: 670px) 100vw, 670px\" \/><\/p>\n<p><a href=\"http:\/\/artesvisuais.draconis.ufms.br\/files\/2015\/06\/IMG_0181.jpg\"><img decoding=\"async\" class=\"alignnone  wp-image-2672\" src=\"http:\/\/artesvisuais.draconis.ufms.br\/files\/2015\/06\/IMG_0181.jpg\" alt=\"\" width=\"666\" height=\"444\" \/><\/a> <a href=\"http:\/\/artesvisuais.draconis.ufms.br\/files\/2015\/06\/IMG_0333.jpg\"><img decoding=\"async\" class=\"alignnone size-large wp-image-2673\" src=\"http:\/\/artesvisuais.draconis.ufms.br\/files\/2015\/06\/IMG_0333.jpg\" alt=\"IMG_0333\" width=\"670\" height=\"447\" \/><\/a> <a href=\"http:\/\/artesvisuais.draconis.ufms.br\/files\/2015\/06\/IMG_7474.jpg\"><img loading=\"lazy\" decoding=\"async\" class=\"alignnone size-large wp-image-2674\" src=\"http:\/\/artesvisuais.draconis.ufms.br\/files\/2015\/06\/IMG_7474.jpg\" alt=\"IMG_7474\" width=\"670\" height=\"447\" srcset=\"https:\/\/artesvisuais-faalc.ufms.br\/files\/2015\/06\/IMG_7474.jpg 1000w, https:\/\/artesvisuais-faalc.ufms.br\/files\/2015\/06\/IMG_7474-300x200.jpg 300w\" sizes=\"(max-width: 670px) 100vw, 670px\" \/><\/a> <a href=\"http:\/\/artesvisuais.draconis.ufms.br\/files\/2015\/06\/IMG_7596.jpg\"><img loading=\"lazy\" decoding=\"async\" class=\"alignnone size-large wp-image-2675\" src=\"http:\/\/artesvisuais.draconis.ufms.br\/files\/2015\/06\/IMG_7596.jpg\" alt=\"IMG_7596\" width=\"670\" height=\"447\" \/><\/a> <a href=\"http:\/\/artesvisuais.draconis.ufms.br\/files\/2015\/06\/IMG_7753.jpg\"><img loading=\"lazy\" decoding=\"async\" class=\"alignnone size-large wp-image-2676\" src=\"http:\/\/artesvisuais.draconis.ufms.br\/files\/2015\/06\/IMG_7753-1024x683.jpg\" alt=\"IMG_7753\" width=\"670\" height=\"447\" srcset=\"https:\/\/artesvisuais-faalc.ufms.br\/files\/2015\/06\/IMG_7753-1024x683.jpg 1024w, https:\/\/artesvisuais-faalc.ufms.br\/files\/2015\/06\/IMG_7753-300x200.jpg 300w, https:\/\/artesvisuais-faalc.ufms.br\/files\/2015\/06\/IMG_7753.jpg 1200w\" sizes=\"(max-width: 670px) 100vw, 670px\" \/><\/a>\u00a0\u00a0<a href=\"http:\/\/artesvisuais.draconis.ufms.br\/files\/2015\/06\/IMG_8377.jpg\"><img loading=\"lazy\" decoding=\"async\" class=\"alignnone size-large wp-image-2679\" src=\"http:\/\/artesvisuais.draconis.ufms.br\/files\/2015\/06\/IMG_8377.jpg\" alt=\"IMG_8377\" width=\"670\" height=\"447\" \/><\/a> <a href=\"http:\/\/artesvisuais.draconis.ufms.br\/files\/2015\/06\/IMG_8406.jpg\"><img loading=\"lazy\" decoding=\"async\" class=\"alignnone size-large wp-image-2680\" src=\"http:\/\/artesvisuais.draconis.ufms.br\/files\/2015\/06\/IMG_8406.jpg\" alt=\"IMG_8406\" width=\"670\" height=\"447\" \/><\/a><\/p>\n","protected":false},"excerpt":{"rendered":"<p>Cerca de 60 volunt\u00e1rios de diversas institui\u00e7\u00f5es governamentais passaram dias num navio da Marinha atendendo \u00e0 comunidade ribeirinha do Rio Paraguai. \u00a0\u00a0<\/p>\n","protected":false},"author":65,"featured_media":2678,"comment_status":"closed","ping_status":"open","sticky":false,"template":"","format":"standard","meta":{"footnotes":""},"categories":[3],"tags":[],"coauthors":[],"class_list":["post-2671","post","type-post","status-publish","format-standard","has-post-thumbnail","hentry","category-fotos-imagens"],"_links":{"self":[{"href":"https:\/\/artesvisuais-faalc.ufms.br\/en\/wp-json\/wp\/v2\/posts\/2671","targetHints":{"allow":["GET"]}}],"collection":[{"href":"https:\/\/artesvisuais-faalc.ufms.br\/en\/wp-json\/wp\/v2\/posts"}],"about":[{"href":"https:\/\/artesvisuais-faalc.ufms.br\/en\/wp-json\/wp\/v2\/types\/post"}],"author":[{"embeddable":true,"href":"https:\/\/artesvisuais-faalc.ufms.br\/en\/wp-json\/wp\/v2\/users\/65"}],"replies":[{"embeddable":true,"href":"https:\/\/artesvisuais-faalc.ufms.br\/en\/wp-json\/wp\/v2\/comments?post=2671"}],"version-history":[{"count":2,"href":"https:\/\/artesvisuais-faalc.ufms.br\/en\/wp-json\/wp\/v2\/posts\/2671\/revisions"}],"predecessor-version":[{"id":2693,"href":"https:\/\/artesvisuais-faalc.ufms.br\/en\/wp-json\/wp\/v2\/posts\/2671\/revisions\/2693"}],"wp:featuredmedia":[{"embeddable":true,"href":"https:\/\/artesvisuais-faalc.ufms.br\/en\/wp-json\/wp\/v2\/media\/2678"}],"wp:attachment":[{"href":"https:\/\/artesvisuais-faalc.ufms.br\/en\/wp-json\/wp\/v2\/media?parent=2671"}],"wp:term":[{"taxonomy":"category","embeddable":true,"href":"https:\/\/artesvisuais-faalc.ufms.br\/en\/wp-json\/wp\/v2\/categories?post=2671"},{"taxonomy":"post_tag","embeddable":true,"href":"https:\/\/artesvisuais-faalc.ufms.br\/en\/wp-json\/wp\/v2\/tags?post=2671"},{"taxonomy":"author","embeddable":true,"href":"https:\/\/artesvisuais-faalc.ufms.br\/en\/wp-json\/wp\/v2\/coauthors?post=2671"}],"curies":[{"name":"wp","href":"https:\/\/api.w.org\/{rel}","templated":true}]}}