{"id":1953,"date":"2013-10-30T06:48:26","date_gmt":"2013-10-30T10:48:26","guid":{"rendered":"http:\/\/artesvisuais.draconis.ufms.br\/?p=1953"},"modified":"2013-10-30T06:48:26","modified_gmt":"2013-10-30T10:48:26","slug":"coordenacao-de-artes-visuais-licenciatura-e-bacharelado","status":"publish","type":"post","link":"https:\/\/artesvisuais-faalc.ufms.br\/en\/coordenacao-de-artes-visuais-licenciatura-e-bacharelado\/","title":{"rendered":"Coordena\u00e7\u00e3o de Artes Visuais \u2013 Licenciatura e Bacharelado"},"content":{"rendered":"<p align=\"center\"><b>Aos Professores, T\u00e9cnicos e Acad\u00eamicos dos Cursos de Artes Visuais \u2013 Licenciatura e Bacharelado\/CCHS<\/b><\/p>\n<p>No ano de 1980, a Universidade Federal de Mato Grosso do Sul prop\u00f4s para o Centro de Ci\u00eancias Humanas e Sociais a cria\u00e7\u00e3o de cursos no per\u00edodo noturno. Em 1981 o Curso de Educa\u00e7\u00e3o Art\u00edstica teve in\u00edcio prevendo a gradua\u00e7\u00e3o primeiramente em Licenciatura Plena, com Habilita\u00e7\u00e3o em Desenho e, em seguida, no mesmo ano, a gradua\u00e7\u00e3o tamb\u00e9m em Licenciatura Plena, mas com Habilita\u00e7\u00e3o em Artes Pl\u00e1sticas.<\/p>\n<p>J\u00e1 nos anos 90, verificou-se a necessidade de novas altera\u00e7\u00f5es no Curso de Educa\u00e7\u00e3o Art\u00edstica, como sua mudan\u00e7a para o per\u00edodo diurno e a desativa\u00e7\u00e3o da Licenciatura Plena e da Licenciatura em Desenho. Houve tamb\u00e9m a implanta\u00e7\u00e3o do Bacharelado em Artes Pl\u00e1sticas, em 1991. Nessa \u00e9poca, os cursos de Artes puderam contar com um espa\u00e7o f\u00edsico maior dentro do Campus, o que possibilitou a implanta\u00e7\u00e3o de novas oficinas e laborat\u00f3rios de ensino.<\/p>\n<p>Em 1997 recebemos as novas instala\u00e7\u00f5es em um pr\u00e9dio constru\u00eddo especialmente para os Cursos e tamb\u00e9m passamos por uma reestrutura\u00e7\u00e3o curricular que efetivou a mudan\u00e7a da Licenciatura e do Bacharelado em Educa\u00e7\u00e3o Art\u00edstica, com habilita\u00e7\u00e3o em Artes Pl\u00e1sticas, para Licenciatura e Bacharelado em Artes Visuais, atendendo a Nova Lei de Diretrizes e Bases da Educa\u00e7\u00e3o Nacional, lei n\u00ba 9394\/96, e em conson\u00e2ncia com as Diretrizes Curriculares dos Cursos de Gradua\u00e7\u00e3o.<\/p>\n<p>Nesta trajet\u00f3ria, os cursos de Artes Visuais \u2013 Licenciatura e Bacharelado sempre tiveram um mesmo coordenador. Devido \u00e0s especificidades das duas modalidades de forma\u00e7\u00e3o profissional e considerando as quest\u00f5es de gest\u00e3o acad\u00eamica, reivindicava-se h\u00e1 muito tempo a divis\u00e3o das coordena\u00e7\u00f5es, j\u00e1 que os cursos s\u00e3o distintos.<\/p>\n<p>E, \u00e9 com muita satisfa\u00e7\u00e3o que comunicamos que a partir do dia 21 de outubro de 2013, tornou-se efetiva a divis\u00e3o das coordena\u00e7\u00f5es: Coordena\u00e7\u00e3o de Artes Visuais \u2013 Licenciatura e a Coordena\u00e7\u00e3o de Artes Visuais \u2013 Bacharelado, com as respectivas coordenadoras Prof\u00aa Vera Penzo e Prof\u00aa Priscilla Pessoa, para a gest\u00e3o 2013-2015.<\/p>\n<p>Acreditamos que essa mudan\u00e7a fortalece o desenvolvimento de a\u00e7\u00f5es espec\u00edficas, consoantes com as carater\u00edsticas de cada Curso, estreitando as rela\u00e7\u00f5es entre coordena\u00e7\u00e3o e acad\u00eamicos e aprimorando as rela\u00e7\u00f5es entre as coordena\u00e7\u00f5es e o corpo docente e os t\u00e9cnicos. Por fim, tal mudan\u00e7a certamente contribuir\u00e1 para um melhor acompanhamento e direcionamento do projeto pedag\u00f3gico de cada curso.<\/p>\n<p>&nbsp;<\/p>\n<p align=\"right\">Campo Grande, 23 de outubro de 2013<\/p>\n<p align=\"right\">\n<p>&nbsp;<\/p>\n<p><b>Coordena\u00e7\u00e3o de Artes Visuais \u2013 Licenciatura\u00a0\u00a0\u00a0\u00a0\u00a0\u00a0\u00a0 Coordena\u00e7\u00e3o de Artes Visuais \u2013 Bacharelado<\/b><\/p>\n<p>Prof\u00aa Vera L\u00facia Penzo\u00a0 Fernandes\u00a0\u00a0\u00a0\u00a0\u00a0\u00a0\u00a0\u00a0\u00a0\u00a0\u00a0\u00a0\u00a0\u00a0\u00a0\u00a0\u00a0\u00a0\u00a0\u00a0\u00a0 \u00a0\u00a0\u00a0\u00a0\u00a0\u00a0\u00a0\u00a0\u00a0Prof\u00aa\u00a0\u00a0 Priscilla Paula Pessoa<\/p>\n<p><a href=\"mailto:artesli.cchs@ufms.br\">artesli.cchs@ufms.br<\/a>\u00a0\u00a0\u00a0\u00a0\u00a0\u00a0\u00a0\u00a0\u00a0\u00a0\u00a0\u00a0\u00a0\u00a0\u00a0\u00a0\u00a0\u00a0\u00a0\u00a0\u00a0\u00a0\u00a0\u00a0\u00a0\u00a0\u00a0\u00a0\u00a0\u00a0\u00a0\u00a0\u00a0\u00a0\u00a0\u00a0\u00a0\u00a0\u00a0\u00a0\u00a0\u00a0\u00a0\u00a0\u00a0\u00a0\u00a0\u00a0\u00a0\u00a0\u00a0\u00a0 <a href=\"mailto:artesba.cchs@ufms.br\">artesba.cchs@ufms.br<\/a><\/p>\n","protected":false},"excerpt":{"rendered":"<p>Aos Professores, T\u00e9cnicos e Acad\u00eamicos dos Cursos de Artes Visuais \u2013 Licenciatura e Bacharelado\/CCHS No ano de 1980, a Universidade Federal de Mato Grosso do Sul prop\u00f4s para o Centro de Ci\u00eancias Humanas e Sociais a cria\u00e7\u00e3o de cursos no per\u00edodo noturno. Em 1981 o Curso de Educa\u00e7\u00e3o Art\u00edstica teve in\u00edcio prevendo a gradua\u00e7\u00e3o primeiramente [&hellip;]<\/p>\n","protected":false},"author":65,"featured_media":0,"comment_status":"closed","ping_status":"open","sticky":false,"template":"","format":"standard","meta":{"footnotes":""},"categories":[4],"tags":[],"coauthors":[],"class_list":["post-1953","post","type-post","status-publish","format-standard","hentry","category-destaques"],"_links":{"self":[{"href":"https:\/\/artesvisuais-faalc.ufms.br\/en\/wp-json\/wp\/v2\/posts\/1953","targetHints":{"allow":["GET"]}}],"collection":[{"href":"https:\/\/artesvisuais-faalc.ufms.br\/en\/wp-json\/wp\/v2\/posts"}],"about":[{"href":"https:\/\/artesvisuais-faalc.ufms.br\/en\/wp-json\/wp\/v2\/types\/post"}],"author":[{"embeddable":true,"href":"https:\/\/artesvisuais-faalc.ufms.br\/en\/wp-json\/wp\/v2\/users\/65"}],"replies":[{"embeddable":true,"href":"https:\/\/artesvisuais-faalc.ufms.br\/en\/wp-json\/wp\/v2\/comments?post=1953"}],"version-history":[{"count":1,"href":"https:\/\/artesvisuais-faalc.ufms.br\/en\/wp-json\/wp\/v2\/posts\/1953\/revisions"}],"predecessor-version":[{"id":1954,"href":"https:\/\/artesvisuais-faalc.ufms.br\/en\/wp-json\/wp\/v2\/posts\/1953\/revisions\/1954"}],"wp:attachment":[{"href":"https:\/\/artesvisuais-faalc.ufms.br\/en\/wp-json\/wp\/v2\/media?parent=1953"}],"wp:term":[{"taxonomy":"category","embeddable":true,"href":"https:\/\/artesvisuais-faalc.ufms.br\/en\/wp-json\/wp\/v2\/categories?post=1953"},{"taxonomy":"post_tag","embeddable":true,"href":"https:\/\/artesvisuais-faalc.ufms.br\/en\/wp-json\/wp\/v2\/tags?post=1953"},{"taxonomy":"author","embeddable":true,"href":"https:\/\/artesvisuais-faalc.ufms.br\/en\/wp-json\/wp\/v2\/coauthors?post=1953"}],"curies":[{"name":"wp","href":"https:\/\/api.w.org\/{rel}","templated":true}]}}