{"id":1853,"date":"2013-08-22T08:32:31","date_gmt":"2013-08-22T12:32:31","guid":{"rendered":"http:\/\/artesvisuais.draconis.ufms.br\/?p=1853"},"modified":"2013-08-22T08:38:21","modified_gmt":"2013-08-22T12:38:21","slug":"fat-5-0-2","status":"publish","type":"post","link":"https:\/\/artesvisuais-faalc.ufms.br\/en\/fat-5-0-2\/","title":{"rendered":"Fat 5.0"},"content":{"rendered":"<p>O 5\u00ba Festival de Arte e Tecnologia (FAT 5.0) &#8211; Campo Grande &#8211; MS \u00e9 organizado conjuntamente entre o Programa de P\u00f3s-Gradua\u00e7\u00e3o Mestrado em Estudos de Linguagens (por meio do Grupo de Est\u00e9tica e Linguagem na Arte e no Design\/CNPq) e as gradua\u00e7\u00f5es em Artes Visuais (por meio do Laborat\u00f3rio Avan\u00e7ado de Estudos Experimentais em Arte e Tecnologia) &#8211; do Centro de Ci\u00eancias Humanas e Sociais, e Arquitetura e Urbanismo &#8211; do Centro de Ci\u00eancias Exatas -, todos da Universidade Federal de Mato Grosso do Sul. Conta com colaboradores vinculados \u00e0 Universidade Cat\u00f3lica Dom Bosco UCDB e \u00e0 Universidade Anhanguera-Uniderp. O FAT \u00e9 um evento de periodicidade anual, tendo a primeira edi\u00e7\u00e3o do evento (FAT 1.0) ocorrido em 2009. O festival inclui atividades cient\u00edficas (confer\u00eancias e mesas de comunica\u00e7\u00f5es), de forma\u00e7\u00e3o t\u00e9cnica e tecnol\u00f3gica (oficinas) e eventos art\u00edsticos (Mostra de Arte e Tecnologia). Tem como objeto de interesse principal as linguagens visuais e espaciais que utilizam a media\u00e7\u00e3o das tecnologias digitais de informa\u00e7\u00e3o e comunica\u00e7\u00e3o nos seus processos de produ\u00e7\u00e3o e de comunica\u00e7\u00e3o. A grande \u00e1rea do evento \u00e9 Lingu\u00edstica, letras e artes e, dentro dessa \u00e1rea, o foco recai sobre as artes visuais; associada a essa, est\u00e3o outras \u00e1reas de artes, como m\u00fasica, e algumas das ci\u00eancias sociais aplicadas, a arquitetura, o design e a comunica\u00e7\u00e3o. De car\u00e1ter interdisciplinar, tem como objetivo reunir entre seus participantes e ouvintes professores pesquisadores, estudantes de gradua\u00e7\u00e3o e de p\u00f3s-gradua\u00e7\u00e3o e artistas, especialmente das \u00e1reas de artes visuais, m\u00fasica, arquitetura, design e comunica\u00e7\u00e3o. O FAT 5.0 inclui uma programa\u00e7\u00e3o cient\u00edfica (confer\u00eancias, sess\u00f5es de comunica\u00e7\u00f5es), uma programa\u00e7\u00e3o t\u00e9cnica (oficinas) e uma programa\u00e7\u00e3o art\u00edstica (Mostra de Arte e Tecnologia). Os resumos dos trabalhos apresentados no evento ser\u00e3o publicados no Caderno FAT &#8211; volume 5 (ISSN 2178-8340). O edital de chamada de trabalhos e outras informa\u00e7\u00f5es sobre o evento est\u00e3o dispon\u00edveis em\u00a0<a href=\"http:\/\/www.fat.ufms.br\/\">www.fat.ufms.br<\/a><\/p>\n","protected":false},"excerpt":{"rendered":"<p>O 5\u00ba Festival de Arte e Tecnologia (FAT 5.0) &#8211; Campo Grande &#8211; MS \u00e9 organizado conjuntamente entre o Programa de P\u00f3s-Gradua\u00e7\u00e3o Mestrado em Estudos de Linguagens (por meio do Grupo de Est\u00e9tica e Linguagem na Arte e no Design\/CNPq) e as gradua\u00e7\u00f5es em Artes Visuais (por meio do Laborat\u00f3rio Avan\u00e7ado de Estudos Experimentais em [&hellip;]<\/p>\n","protected":false},"author":65,"featured_media":0,"comment_status":"closed","ping_status":"open","sticky":false,"template":"","format":"standard","meta":{"footnotes":""},"categories":[3],"tags":[],"coauthors":[],"class_list":["post-1853","post","type-post","status-publish","format-standard","hentry","category-fotos-imagens"],"_links":{"self":[{"href":"https:\/\/artesvisuais-faalc.ufms.br\/en\/wp-json\/wp\/v2\/posts\/1853","targetHints":{"allow":["GET"]}}],"collection":[{"href":"https:\/\/artesvisuais-faalc.ufms.br\/en\/wp-json\/wp\/v2\/posts"}],"about":[{"href":"https:\/\/artesvisuais-faalc.ufms.br\/en\/wp-json\/wp\/v2\/types\/post"}],"author":[{"embeddable":true,"href":"https:\/\/artesvisuais-faalc.ufms.br\/en\/wp-json\/wp\/v2\/users\/65"}],"replies":[{"embeddable":true,"href":"https:\/\/artesvisuais-faalc.ufms.br\/en\/wp-json\/wp\/v2\/comments?post=1853"}],"version-history":[{"count":7,"href":"https:\/\/artesvisuais-faalc.ufms.br\/en\/wp-json\/wp\/v2\/posts\/1853\/revisions"}],"predecessor-version":[{"id":1859,"href":"https:\/\/artesvisuais-faalc.ufms.br\/en\/wp-json\/wp\/v2\/posts\/1853\/revisions\/1859"}],"wp:attachment":[{"href":"https:\/\/artesvisuais-faalc.ufms.br\/en\/wp-json\/wp\/v2\/media?parent=1853"}],"wp:term":[{"taxonomy":"category","embeddable":true,"href":"https:\/\/artesvisuais-faalc.ufms.br\/en\/wp-json\/wp\/v2\/categories?post=1853"},{"taxonomy":"post_tag","embeddable":true,"href":"https:\/\/artesvisuais-faalc.ufms.br\/en\/wp-json\/wp\/v2\/tags?post=1853"},{"taxonomy":"author","embeddable":true,"href":"https:\/\/artesvisuais-faalc.ufms.br\/en\/wp-json\/wp\/v2\/coauthors?post=1853"}],"curies":[{"name":"wp","href":"https:\/\/api.w.org\/{rel}","templated":true}]}}